{"id":11644,"date":"2026-04-28T06:35:03","date_gmt":"2026-04-28T05:35:03","guid":{"rendered":"https:\/\/sp3.mikolow.eu\/?p=11644"},"modified":"2026-04-28T06:35:03","modified_gmt":"2026-04-28T05:35:03","slug":"xxi-powiatowy-konkurs-recytatorski","status":"publish","type":"post","link":"https:\/\/sp3.mikolow.eu\/index.php\/2026\/04\/28\/xxi-powiatowy-konkurs-recytatorski\/","title":{"rendered":"XXI Powiatowy Konkurs Recytatorski"},"content":{"rendered":"<div dir=\"auto\"><span style=\"font-family: arial, helvetica, sans-serif;\">W czwartek 23 kwietnia w Szkole Podstawowej nr 6 w \u0141aziskach G\u00f3rnych odby\u0142 si\u0119 kolejny ju\u017c Powiatowy Konkurs Recytatorski &#8211; Kraina Poezji pod has\u0142em &#8222;Pami\u0119tajcie o ogrodach. Przyroda w poezji&#8221;. Dwie uczennice z klasy czwartej b: Hania K. i Kaja P. pi\u0119knie reprezentowa\u0142y nasz\u0105 szko\u0142\u0119 w kategorii uczni\u00f3w klas 4 &#8211; 6. Za sw\u00f3j wyst\u0119p Kaja zdoby\u0142a 3 miejsce. Dziewczyny jeste\u015bmy z Was dumni.<\/span><\/div>\n<div dir=\"auto\"><span style=\"font-family: arial, helvetica, sans-serif;\">Autor tekstu: Aleksandra Paszczela<\/span><\/div>\n<div dir=\"auto\"><span style=\"font-family: arial, helvetica, sans-serif;\"><span class=\"html-span xdj266r x14z9mp xat24cr x1lziwak xexx8yu xyri2b x18d9i69 x1c1uobl x1hl2dhg x16tdsg8 x1vvkbs\"><a class=\"x1i10hfl xjbqb8w x1ejq31n x18oe1m7 x1sy0etr xstzfhl x972fbf x10w94by x1qhh985 x14e42zd x9f619 x1ypdohk xt0psk2 x3ct3a4 xdj266r x14z9mp xat24cr x1lziwak xexx8yu xyri2b x18d9i69 x1c1uobl x16tdsg8 x1hl2dhg xggy1nq x1a2a7pz xkrqix3 x1sur9pj x1fey0fg x1s688f\" tabindex=\"0\" role=\"link\" href=\"https:\/\/www.facebook.com\/hashtag\/sp3miko%C5%82%C3%B3w?__cft__[0]=AZaAh9uC68xuH0vCSC5HVxQljdmi86dcmfnL9eYkMJVlsKz-wqbjhrYEn--CnvskzTb5xGibzsv1dqoltFFImfMGuby-nJrN87NMxSiL53kUMh77b6D-ga6GmUdzq8wiV1W52rzIEAYIyptTDUPMNqJd_DXOUWSYN9ZKTDrTK4uLClNlyNnRVXdbxNpTpcNm25g&amp;__tn__=*NK-R\">#sp3miko\u0142\u00f3w<\/a><\/span> <span class=\"html-span xdj266r x14z9mp xat24cr x1lziwak xexx8yu xyri2b x18d9i69 x1c1uobl x1hl2dhg x16tdsg8 x1vvkbs\"><a class=\"x1i10hfl xjbqb8w x1ejq31n x18oe1m7 x1sy0etr xstzfhl x972fbf x10w94by x1qhh985 x14e42zd x9f619 x1ypdohk xt0psk2 x3ct3a4 xdj266r x14z9mp xat24cr x1lziwak xexx8yu xyri2b x18d9i69 x1c1uobl x16tdsg8 x1hl2dhg xggy1nq x1a2a7pz xkrqix3 x1sur9pj x1fey0fg x1s688f\" tabindex=\"0\" role=\"link\" href=\"https:\/\/www.facebook.com\/hashtag\/tr%C3%B3jkamiko%C5%82%C3%B3w?__cft__[0]=AZaAh9uC68xuH0vCSC5HVxQljdmi86dcmfnL9eYkMJVlsKz-wqbjhrYEn--CnvskzTb5xGibzsv1dqoltFFImfMGuby-nJrN87NMxSiL53kUMh77b6D-ga6GmUdzq8wiV1W52rzIEAYIyptTDUPMNqJd_DXOUWSYN9ZKTDrTK4uLClNlyNnRVXdbxNpTpcNm25g&amp;__tn__=*NK-R\">#tr\u00f3jkamiko\u0142\u00f3w<\/a><\/span> <span class=\"html-span xdj266r x14z9mp xat24cr x1lziwak xexx8yu xyri2b x18d9i69 x1c1uobl x1hl2dhg x16tdsg8 x1vvkbs\"><a class=\"x1i10hfl xjbqb8w x1ejq31n x18oe1m7 x1sy0etr xstzfhl x972fbf x10w94by x1qhh985 x14e42zd x9f619 x1ypdohk xt0psk2 x3ct3a4 xdj266r x14z9mp xat24cr x1lziwak xexx8yu xyri2b x18d9i69 x1c1uobl x16tdsg8 x1hl2dhg xggy1nq x1a2a7pz xkrqix3 x1sur9pj x1fey0fg x1s688f\" tabindex=\"0\" role=\"link\" href=\"https:\/\/www.facebook.com\/hashtag\/szko%C5%82amo%C5%BCliwo%C5%9Bci?__cft__[0]=AZaAh9uC68xuH0vCSC5HVxQljdmi86dcmfnL9eYkMJVlsKz-wqbjhrYEn--CnvskzTb5xGibzsv1dqoltFFImfMGuby-nJrN87NMxSiL53kUMh77b6D-ga6GmUdzq8wiV1W52rzIEAYIyptTDUPMNqJd_DXOUWSYN9ZKTDrTK4uLClNlyNnRVXdbxNpTpcNm25g&amp;__tn__=*NK-R\">#szko\u0142amo\u017cliwo\u015bci<\/a><\/span><\/span><\/div>\n<div dir=\"auto\">\n<div id='gallery-1' class='gallery galleryid-11644 gallery-columns-3 gallery-size-medium'><dl class='gallery-item'>\n\t\t\t<dt class='gallery-icon landscape'>\n\t\t\t\t<a href='https:\/\/sp3.mikolow.eu\/index.php\/2026\/04\/28\/xxi-powiatowy-konkurs-recytatorski\/xxi-powiatowy-konkurs-recytatorski-2026-1\/'><img width=\"300\" height=\"225\" src=\"https:\/\/sp3.mikolow.eu\/wp-content\/uploads\/2026\/04\/XXI-Powiatowy-Konkurs-Recytatorski-2026-1-300x225.jpg\" class=\"attachment-medium size-medium\" alt=\"zdj\u0119cie ma charakter promocyjny, nie jest wykorzystywane do realizacji bie\u017c\u0105cych zada\u0144\" loading=\"lazy\" srcset=\"https:\/\/sp3.mikolow.eu\/wp-content\/uploads\/2026\/04\/XXI-Powiatowy-Konkurs-Recytatorski-2026-1-300x225.jpg 300w, https:\/\/sp3.mikolow.eu\/wp-content\/uploads\/2026\/04\/XXI-Powiatowy-Konkurs-Recytatorski-2026-1-1024x768.jpg 1024w, https:\/\/sp3.mikolow.eu\/wp-content\/uploads\/2026\/04\/XXI-Powiatowy-Konkurs-Recytatorski-2026-1-768x576.jpg 768w, https:\/\/sp3.mikolow.eu\/wp-content\/uploads\/2026\/04\/XXI-Powiatowy-Konkurs-Recytatorski-2026-1.jpg 1440w\" sizes=\"(max-width: 300px) 100vw, 300px\" \/><\/a>\n\t\t\t<\/dt><\/dl><dl class='gallery-item'>\n\t\t\t<dt class='gallery-icon portrait'>\n\t\t\t\t<a href='https:\/\/sp3.mikolow.eu\/index.php\/2026\/04\/28\/xxi-powiatowy-konkurs-recytatorski\/xxi-powiatowy-konkurs-recytatorski-2026-2\/'><img width=\"225\" height=\"300\" src=\"https:\/\/sp3.mikolow.eu\/wp-content\/uploads\/2026\/04\/XXI-Powiatowy-Konkurs-Recytatorski-2026-2-225x300.jpg\" class=\"attachment-medium size-medium\" alt=\"zdj\u0119cie ma charakter promocyjny, nie jest wykorzystywane do realizacji bie\u017c\u0105cych zada\u0144\" loading=\"lazy\" srcset=\"https:\/\/sp3.mikolow.eu\/wp-content\/uploads\/2026\/04\/XXI-Powiatowy-Konkurs-Recytatorski-2026-2-225x300.jpg 225w, https:\/\/sp3.mikolow.eu\/wp-content\/uploads\/2026\/04\/XXI-Powiatowy-Konkurs-Recytatorski-2026-2-768x1024.jpg 768w, https:\/\/sp3.mikolow.eu\/wp-content\/uploads\/2026\/04\/XXI-Powiatowy-Konkurs-Recytatorski-2026-2.jpg 1080w\" sizes=\"(max-width: 225px) 100vw, 225px\" \/><\/a>\n\t\t\t<\/dt><\/dl>\n\t\t\t<br style='clear: both' \/>\n\t\t<\/div>\n\n<\/div>\n","protected":false},"excerpt":{"rendered":"<p>W czwartek 23 kwietnia w Szkole Podstawowej nr 6 w \u0141aziskach G\u00f3rnych odby\u0142 si\u0119 kolejny ju\u017c Powiatowy Konkurs Recytatorski &#8211; Kraina Poezji pod has\u0142em &#8222;Pami\u0119tajcie o ogrodach. Przyroda w poezji&#8221;. Dwie uczennice z klasy czwartej b: Hania K. i Kaja P. pi\u0119knie reprezentowa\u0142y nasz\u0105 szko\u0142\u0119 w kategorii uczni\u00f3w klas 4 [&hellip;]<\/p>\n","protected":false},"author":2,"featured_media":11646,"comment_status":"open","ping_status":"open","sticky":false,"template":"","format":"standard","meta":{"ngg_post_thumbnail":0},"categories":[33,32],"tags":[],"_links":{"self":[{"href":"https:\/\/sp3.mikolow.eu\/index.php\/wp-json\/wp\/v2\/posts\/11644"}],"collection":[{"href":"https:\/\/sp3.mikolow.eu\/index.php\/wp-json\/wp\/v2\/posts"}],"about":[{"href":"https:\/\/sp3.mikolow.eu\/index.php\/wp-json\/wp\/v2\/types\/post"}],"author":[{"embeddable":true,"href":"https:\/\/sp3.mikolow.eu\/index.php\/wp-json\/wp\/v2\/users\/2"}],"replies":[{"embeddable":true,"href":"https:\/\/sp3.mikolow.eu\/index.php\/wp-json\/wp\/v2\/comments?post=11644"}],"version-history":[{"count":1,"href":"https:\/\/sp3.mikolow.eu\/index.php\/wp-json\/wp\/v2\/posts\/11644\/revisions"}],"predecessor-version":[{"id":11647,"href":"https:\/\/sp3.mikolow.eu\/index.php\/wp-json\/wp\/v2\/posts\/11644\/revisions\/11647"}],"wp:featuredmedia":[{"embeddable":true,"href":"https:\/\/sp3.mikolow.eu\/index.php\/wp-json\/wp\/v2\/media\/11646"}],"wp:attachment":[{"href":"https:\/\/sp3.mikolow.eu\/index.php\/wp-json\/wp\/v2\/media?parent=11644"}],"wp:term":[{"taxonomy":"category","embeddable":true,"href":"https:\/\/sp3.mikolow.eu\/index.php\/wp-json\/wp\/v2\/categories?post=11644"},{"taxonomy":"post_tag","embeddable":true,"href":"https:\/\/sp3.mikolow.eu\/index.php\/wp-json\/wp\/v2\/tags?post=11644"}],"curies":[{"name":"wp","href":"https:\/\/api.w.org\/{rel}","templated":true}]}}