{"id":11638,"date":"2026-04-27T06:34:56","date_gmt":"2026-04-27T05:34:56","guid":{"rendered":"https:\/\/sp3.mikolow.eu\/?p=11638"},"modified":"2026-04-27T06:34:56","modified_gmt":"2026-04-27T05:34:56","slug":"xi-edycja-konkursu-z-jezykiem-obcym-w-przyszlosc","status":"publish","type":"post","link":"https:\/\/sp3.mikolow.eu\/index.php\/2026\/04\/27\/xi-edycja-konkursu-z-jezykiem-obcym-w-przyszlosc\/","title":{"rendered":"XI edycja konkursu \u201eZ j\u0119zykiem obcym w przysz\u0142o\u015b\u0107"},"content":{"rendered":"<div class=\"xdj266r x14z9mp xat24cr x1lziwak x1vvkbs x126k92a\">\n<div dir=\"auto\"><span style=\"font-family: arial, helvetica, sans-serif;\"><span class=\"html-span xexx8yu xyri2b x18d9i69 x1c1uobl x1hl2dhg x16tdsg8 x1vvkbs x3nfvp2 x1j61x8r x1fcty0u xdj266r xat24cr xm2jcoa x1mpyi22 xxymvpz xlup9mm x1kky2od\"><img loading=\"lazy\" class=\"xz74otr x15mokao x1ga7v0g x16uus16 xbiv7yw\" src=\"https:\/\/static.xx.fbcdn.net\/images\/emoji.php\/v9\/t8c\/1\/16\/1f389.png\" alt=\"\ud83c\udf89\" width=\"16\" height=\"16\"><\/span> Sukces naszego ucznia! <span class=\"html-span xexx8yu xyri2b x18d9i69 x1c1uobl x1hl2dhg x16tdsg8 x1vvkbs x3nfvp2 x1j61x8r x1fcty0u xdj266r xat24cr xm2jcoa x1mpyi22 xxymvpz xlup9mm x1kky2od\"><img loading=\"lazy\" class=\"xz74otr x15mokao x1ga7v0g x16uus16 xbiv7yw\" src=\"https:\/\/static.xx.fbcdn.net\/images\/emoji.php\/v9\/t8c\/1\/16\/1f389.png\" alt=\"\ud83c\udf89\" width=\"16\" height=\"16\"><\/span><\/span><\/div>\n<\/div>\n<div class=\"x14z9mp xat24cr x1lziwak x1vvkbs xtlvy1s x126k92a\">\n<div dir=\"auto\"><span style=\"font-family: arial, helvetica, sans-serif;\">Z rado\u015bci\u0105 informujemy, \u017ce w XI edycji konkursu \u201eZ j\u0119zykiem obcym w przysz\u0142o\u015b\u0107\u201d, organizowanego przez M\u0142odzie\u017cowe Centrum Kariery w Tychach, Liceum Og\u00f3lnokszta\u0142c\u0105ce TEB Edukacja w Tychach oraz Technikum TEB Edukacja, ucze\u0144 naszej szko\u0142y, Leon B., zdoby\u0142 Wyr\u00f3\u017cnienie (IV miejsce) <span class=\"html-span xexx8yu xyri2b x18d9i69 x1c1uobl x1hl2dhg x16tdsg8 x1vvkbs x3nfvp2 x1j61x8r x1fcty0u xdj266r xat24cr xm2jcoa x1mpyi22 xxymvpz xlup9mm x1kky2od\"><img loading=\"lazy\" class=\"xz74otr x15mokao x1ga7v0g x16uus16 xbiv7yw\" src=\"https:\/\/static.xx.fbcdn.net\/images\/emoji.php\/v9\/t77\/1\/16\/203c.png\" alt=\"\u203c\ufe0f\" width=\"16\" height=\"16\"><\/span><\/span><\/div>\n<\/div>\n<div class=\"x14z9mp xat24cr x1lziwak x1vvkbs xtlvy1s x126k92a\">\n<div dir=\"auto\"><span style=\"font-family: arial, helvetica, sans-serif;\">To ogromne osi\u0105gni\u0119cie, kt\u00f3re pokazuje, jak pasja do j\u0119zyk\u00f3w obcych otwiera drzwi do przysz\u0142o\u015bci. Jeste\u015bmy dumni r\u00f3wnie\u017c z pozosta\u0142ych uczni\u00f3w, kt\u00f3rzy wzi\u0119li udzia\u0142 w tym konkursie i wykazali si\u0119 du\u017c\u0105 wiedz\u0105 i umiej\u0119tno\u015bciami j\u0119zykowymi.<\/span><\/div>\n<\/div>\n<div class=\"x14z9mp xat24cr x1lziwak x1vvkbs xtlvy1s x126k92a\">\n<div dir=\"auto\"><span style=\"font-family: arial, helvetica, sans-serif;\">Serdecznie gratulujemy!<\/span><\/div>\n<\/div>\n<div class=\"x14z9mp xat24cr x1lziwak x1vvkbs xtlvy1s x126k92a\">\n<div dir=\"auto\"><span style=\"font-family: arial, helvetica, sans-serif;\">autor S.Spyra-Marciniak<\/span><\/div>\n<div dir=\"auto\"><a href=\"https:\/\/sp3.mikolow.eu\/wp-content\/uploads\/2026\/04\/XI-edycja-konkursu-\u201eZ-jezykiem-obcym-w-przyszlosc.jpg\"><img loading=\"lazy\" class=\"alignleft wp-image-11639 size-medium\" src=\"https:\/\/sp3.mikolow.eu\/wp-content\/uploads\/2026\/04\/XI-edycja-konkursu-\u201eZ-jezykiem-obcym-w-przyszlosc-300x169.jpg\" alt=\"zdj\u0119cie ma charakter promocyjny, nie jest wykorzystywane do realizacji bie\u017c\u0105cych zada\u0144\" width=\"300\" height=\"169\" srcset=\"https:\/\/sp3.mikolow.eu\/wp-content\/uploads\/2026\/04\/XI-edycja-konkursu-\u201eZ-jezykiem-obcym-w-przyszlosc-300x169.jpg 300w, https:\/\/sp3.mikolow.eu\/wp-content\/uploads\/2026\/04\/XI-edycja-konkursu-\u201eZ-jezykiem-obcym-w-przyszlosc-1024x576.jpg 1024w, https:\/\/sp3.mikolow.eu\/wp-content\/uploads\/2026\/04\/XI-edycja-konkursu-\u201eZ-jezykiem-obcym-w-przyszlosc-768x432.jpg 768w, https:\/\/sp3.mikolow.eu\/wp-content\/uploads\/2026\/04\/XI-edycja-konkursu-\u201eZ-jezykiem-obcym-w-przyszlosc-1536x864.jpg 1536w, https:\/\/sp3.mikolow.eu\/wp-content\/uploads\/2026\/04\/XI-edycja-konkursu-\u201eZ-jezykiem-obcym-w-przyszlosc.jpg 1600w\" sizes=\"(max-width: 300px) 100vw, 300px\" \/><\/a><\/div>\n<\/div>\n","protected":false},"excerpt":{"rendered":"<p>Sukces naszego ucznia! Z rado\u015bci\u0105 informujemy, \u017ce w XI edycji konkursu \u201eZ j\u0119zykiem obcym w przysz\u0142o\u015b\u0107\u201d, organizowanego przez M\u0142odzie\u017cowe Centrum Kariery w Tychach, Liceum Og\u00f3lnokszta\u0142c\u0105ce TEB Edukacja w Tychach oraz Technikum TEB Edukacja, ucze\u0144 naszej szko\u0142y, Leon B., zdoby\u0142 Wyr\u00f3\u017cnienie (IV miejsce) To ogromne osi\u0105gni\u0119cie, kt\u00f3re pokazuje, jak pasja do [&hellip;]<\/p>\n","protected":false},"author":2,"featured_media":11639,"comment_status":"open","ping_status":"open","sticky":false,"template":"","format":"standard","meta":{"ngg_post_thumbnail":0},"categories":[33,32],"tags":[],"_links":{"self":[{"href":"https:\/\/sp3.mikolow.eu\/index.php\/wp-json\/wp\/v2\/posts\/11638"}],"collection":[{"href":"https:\/\/sp3.mikolow.eu\/index.php\/wp-json\/wp\/v2\/posts"}],"about":[{"href":"https:\/\/sp3.mikolow.eu\/index.php\/wp-json\/wp\/v2\/types\/post"}],"author":[{"embeddable":true,"href":"https:\/\/sp3.mikolow.eu\/index.php\/wp-json\/wp\/v2\/users\/2"}],"replies":[{"embeddable":true,"href":"https:\/\/sp3.mikolow.eu\/index.php\/wp-json\/wp\/v2\/comments?post=11638"}],"version-history":[{"count":1,"href":"https:\/\/sp3.mikolow.eu\/index.php\/wp-json\/wp\/v2\/posts\/11638\/revisions"}],"predecessor-version":[{"id":11640,"href":"https:\/\/sp3.mikolow.eu\/index.php\/wp-json\/wp\/v2\/posts\/11638\/revisions\/11640"}],"wp:featuredmedia":[{"embeddable":true,"href":"https:\/\/sp3.mikolow.eu\/index.php\/wp-json\/wp\/v2\/media\/11639"}],"wp:attachment":[{"href":"https:\/\/sp3.mikolow.eu\/index.php\/wp-json\/wp\/v2\/media?parent=11638"}],"wp:term":[{"taxonomy":"category","embeddable":true,"href":"https:\/\/sp3.mikolow.eu\/index.php\/wp-json\/wp\/v2\/categories?post=11638"},{"taxonomy":"post_tag","embeddable":true,"href":"https:\/\/sp3.mikolow.eu\/index.php\/wp-json\/wp\/v2\/tags?post=11638"}],"curies":[{"name":"wp","href":"https:\/\/api.w.org\/{rel}","templated":true}]}}