{"id":11631,"date":"2026-04-27T06:28:36","date_gmt":"2026-04-27T05:28:36","guid":{"rendered":"https:\/\/sp3.mikolow.eu\/?p=11631"},"modified":"2026-04-27T06:28:36","modified_gmt":"2026-04-27T05:28:36","slug":"ja-ty-my-emocje-i-relacje-w-klasie-z-teatrem-kamishibai","status":"publish","type":"post","link":"https:\/\/sp3.mikolow.eu\/index.php\/2026\/04\/27\/ja-ty-my-emocje-i-relacje-w-klasie-z-teatrem-kamishibai\/","title":{"rendered":"Ja, Ty, My &#8211; emocje i relacje w klasie z Teatrem Kamishibai"},"content":{"rendered":"<div dir=\"auto\"><span style=\"font-family: arial, helvetica, sans-serif;\">Uczniowie klasy 2a bior\u0105 udzia\u0142 w programie &#8222;Ja, Ty, My &#8211; emocje i relacje w klasie z Teatrem Kamishibai&#8221;<span class=\"html-span xexx8yu xyri2b x18d9i69 x1c1uobl x1hl2dhg x16tdsg8 x1vvkbs x3nfvp2 x1j61x8r x1fcty0u xdj266r xat24cr xm2jcoa x1mpyi22 xxymvpz xlup9mm x1kky2od\"><img loading=\"lazy\" class=\"xz74otr x15mokao x1ga7v0g x16uus16 xbiv7yw\" src=\"https:\/\/static.xx.fbcdn.net\/images\/emoji.php\/v9\/t4c\/1\/16\/1f642.png\" alt=\"\ud83d\ude42\" width=\"16\" height=\"16\"><\/span><span class=\"html-span xexx8yu xyri2b x18d9i69 x1c1uobl x1hl2dhg x16tdsg8 x1vvkbs x3nfvp2 x1j61x8r x1fcty0u xdj266r xat24cr xm2jcoa x1mpyi22 xxymvpz xlup9mm x1kky2od\"><img loading=\"lazy\" class=\"xz74otr x15mokao x1ga7v0g x16uus16 xbiv7yw\" src=\"https:\/\/static.xx.fbcdn.net\/images\/emoji.php\/v9\/t6c\/1\/16\/2764.png\" alt=\"\u2764\ufe0f\" width=\"16\" height=\"16\"><\/span><span class=\"html-span xexx8yu xyri2b x18d9i69 x1c1uobl x1hl2dhg x16tdsg8 x1vvkbs x3nfvp2 x1j61x8r x1fcty0u xdj266r xat24cr xm2jcoa x1mpyi22 xxymvpz xlup9mm x1kky2od\"><img loading=\"lazy\" class=\"xz74otr x15mokao x1ga7v0g x16uus16 xbiv7yw\" src=\"https:\/\/static.xx.fbcdn.net\/images\/emoji.php\/v9\/tae\/1\/16\/1f3ad.png\" alt=\"\ud83c\udfad\" width=\"16\" height=\"16\"><\/span>. Dzi\u0119ki spotkaniu z tradycyjnym japo\u0144skim teatrem obrazkowym dzieci doskonal\u0105 kompetencje emocjonalne, rozwijaj\u0105 wyobra\u017ani\u0119, ucz\u0105 si\u0119 empatii oraz zgodnej wsp\u00f3\u0142pracy<span class=\"html-span xexx8yu xyri2b x18d9i69 x1c1uobl x1hl2dhg x16tdsg8 x1vvkbs x3nfvp2 x1j61x8r x1fcty0u xdj266r xat24cr xm2jcoa x1mpyi22 xxymvpz xlup9mm x1kky2od\"><img loading=\"lazy\" class=\"xz74otr x15mokao x1ga7v0g x16uus16 xbiv7yw\" src=\"https:\/\/static.xx.fbcdn.net\/images\/emoji.php\/v9\/t58\/1\/16\/1f929.png\" alt=\"\ud83e\udd29\" width=\"16\" height=\"16\"><\/span><span class=\"html-span xexx8yu xyri2b x18d9i69 x1c1uobl x1hl2dhg x16tdsg8 x1vvkbs x3nfvp2 x1j61x8r x1fcty0u xdj266r xat24cr xm2jcoa x1mpyi22 xxymvpz xlup9mm x1kky2od\"><img loading=\"lazy\" class=\"xz74otr x15mokao x1ga7v0g x16uus16 xbiv7yw\" src=\"https:\/\/static.xx.fbcdn.net\/images\/emoji.php\/v9\/t64\/1\/16\/1f91d.png\" alt=\"\ud83e\udd1d\" width=\"16\" height=\"16\"><\/span> Bajki i opowie\u015bci pozwalaj\u0105 uczniom lepiej zrozumie\u0107 samego siebie i otaczaj\u0105cy \u015bwiat, a przy okazji stanowi\u0105 \u017ar\u00f3d\u0142o rado\u015bci i inspiracji<span class=\"html-span xexx8yu xyri2b x18d9i69 x1c1uobl x1hl2dhg x16tdsg8 x1vvkbs x3nfvp2 x1j61x8r x1fcty0u xdj266r xat24cr xm2jcoa x1mpyi22 xxymvpz xlup9mm x1kky2od\"><img loading=\"lazy\" class=\"xz74otr x15mokao x1ga7v0g x16uus16 xbiv7yw\" src=\"https:\/\/static.xx.fbcdn.net\/images\/emoji.php\/v9\/t6c\/1\/16\/2764.png\" alt=\"\u2764\ufe0f\" width=\"16\" height=\"16\"><\/span><span class=\"html-span xexx8yu xyri2b x18d9i69 x1c1uobl x1hl2dhg x16tdsg8 x1vvkbs x3nfvp2 x1j61x8r x1fcty0u xdj266r xat24cr xm2jcoa x1mpyi22 xxymvpz xlup9mm x1kky2od\"><img loading=\"lazy\" class=\"xz74otr x15mokao x1ga7v0g x16uus16 xbiv7yw\" src=\"https:\/\/static.xx.fbcdn.net\/images\/emoji.php\/v9\/tfc\/1\/16\/1f44d.png\" alt=\"\ud83d\udc4d\" width=\"16\" height=\"16\"><\/span><span class=\"html-span xexx8yu xyri2b x18d9i69 x1c1uobl x1hl2dhg x16tdsg8 x1vvkbs x3nfvp2 x1j61x8r x1fcty0u xdj266r xat24cr xm2jcoa x1mpyi22 xxymvpz xlup9mm x1kky2od\"><img loading=\"lazy\" class=\"xz74otr x15mokao x1ga7v0g x16uus16 xbiv7yw\" src=\"https:\/\/static.xx.fbcdn.net\/images\/emoji.php\/v9\/tc0\/1\/16\/1f30e.png\" alt=\"\ud83c\udf0e\" width=\"16\" height=\"16\"><\/span>.<\/span><\/div>\n<div dir=\"auto\"><span style=\"font-family: arial, helvetica, sans-serif;\">Autorki: Ewa Klenart i Sabina \u017bmija<\/span><\/div>\n<div dir=\"auto\"><span style=\"font-family: arial, helvetica, sans-serif;\"><span class=\"html-span xdj266r x14z9mp xat24cr x1lziwak xexx8yu xyri2b x18d9i69 x1c1uobl x1hl2dhg x16tdsg8 x1vvkbs\"><a class=\"x1i10hfl xjbqb8w x1ejq31n x18oe1m7 x1sy0etr xstzfhl x972fbf x10w94by x1qhh985 x14e42zd x9f619 x1ypdohk xt0psk2 x3ct3a4 xdj266r x14z9mp xat24cr x1lziwak xexx8yu xyri2b x18d9i69 x1c1uobl x16tdsg8 x1hl2dhg xggy1nq x1a2a7pz xkrqix3 x1sur9pj x1fey0fg x1s688f\" tabindex=\"0\" role=\"link\" href=\"https:\/\/www.facebook.com\/hashtag\/sp3miko%C5%82%C3%B3w?__cft__[0]=AZZKj95tGcSkaWUlz1A_GzU34SlvBxF-JDGnZ9szh-4OYELCo4v2zqF6TxdIizPlSoWzVK9yn8JSrD15CbjauirTDR79qfHP7ko7xPNtK5W-Q21OAYQwrEsId1IlGjJpgOGlEp99Fnz-Qnswg_kLMn3L&amp;__tn__=*NK-R\">#sp3miko\u0142\u00f3w<\/a><\/span> <span class=\"html-span xdj266r x14z9mp xat24cr x1lziwak xexx8yu xyri2b x18d9i69 x1c1uobl x1hl2dhg x16tdsg8 x1vvkbs\"><a class=\"x1i10hfl xjbqb8w x1ejq31n x18oe1m7 x1sy0etr xstzfhl x972fbf x10w94by x1qhh985 x14e42zd x9f619 x1ypdohk xt0psk2 x3ct3a4 xdj266r x14z9mp xat24cr x1lziwak xexx8yu xyri2b x18d9i69 x1c1uobl x16tdsg8 x1hl2dhg xggy1nq x1a2a7pz xkrqix3 x1sur9pj x1fey0fg x1s688f\" tabindex=\"0\" role=\"link\" href=\"https:\/\/www.facebook.com\/hashtag\/tr%C3%B3jkamiko%C5%82%C3%B3w?__cft__[0]=AZZKj95tGcSkaWUlz1A_GzU34SlvBxF-JDGnZ9szh-4OYELCo4v2zqF6TxdIizPlSoWzVK9yn8JSrD15CbjauirTDR79qfHP7ko7xPNtK5W-Q21OAYQwrEsId1IlGjJpgOGlEp99Fnz-Qnswg_kLMn3L&amp;__tn__=*NK-R\">#tr\u00f3jkamiko\u0142\u00f3w<\/a><\/span> <span class=\"html-span xdj266r x14z9mp xat24cr x1lziwak xexx8yu xyri2b x18d9i69 x1c1uobl x1hl2dhg x16tdsg8 x1vvkbs\"><a class=\"x1i10hfl xjbqb8w x1ejq31n x18oe1m7 x1sy0etr xstzfhl x972fbf x10w94by x1qhh985 x14e42zd x9f619 x1ypdohk xt0psk2 x3ct3a4 xdj266r x14z9mp xat24cr x1lziwak xexx8yu xyri2b x18d9i69 x1c1uobl x16tdsg8 x1hl2dhg xggy1nq x1a2a7pz xkrqix3 x1sur9pj x1fey0fg x1s688f\" tabindex=\"0\" role=\"link\" href=\"https:\/\/www.facebook.com\/hashtag\/szko%C5%82amo%C5%BCliwo%C5%9Bci?__cft__[0]=AZZKj95tGcSkaWUlz1A_GzU34SlvBxF-JDGnZ9szh-4OYELCo4v2zqF6TxdIizPlSoWzVK9yn8JSrD15CbjauirTDR79qfHP7ko7xPNtK5W-Q21OAYQwrEsId1IlGjJpgOGlEp99Fnz-Qnswg_kLMn3L&amp;__tn__=*NK-R\">#szko\u0142amo\u017cliwo\u015bci<\/a><\/span><\/span><\/div>\n<div dir=\"auto\"><!-- default-view.php -->\n<div\n\tclass=\"ngg-galleryoverview default-view \"\n\tid=\"ngg-gallery-8ddb71dffbfdd7d8cb88df7266a87046-1\">\n\n\t\t<!-- Thumbnails -->\n\t\t\t\t<div id=\"ngg-image-0\" class=\"ngg-gallery-thumbnail-box \" >\n\t\t\t\t        <div class=\"ngg-gallery-thumbnail\">\n            <a href=\"https:\/\/sp3.mikolow.eu\/wp-content\/gallery\/ja-ty-my-emocje-i-relacje-w-klasie-z-teatrem-kamishibai-2026\/Ja-Ty-My-emocje-i-relacje-w-klasie-z-Teatrem-Kamishibai-1.jpg\"\n               title=\"zdj\u0119cie ma charakter promocyjny, nie jest wykorzystywane do realizacji bie\u017c\u0105cych zada\u0144\"\n               data-src=\"https:\/\/sp3.mikolow.eu\/wp-content\/gallery\/ja-ty-my-emocje-i-relacje-w-klasie-z-teatrem-kamishibai-2026\/Ja-Ty-My-emocje-i-relacje-w-klasie-z-Teatrem-Kamishibai-1.jpg\"\n               data-thumbnail=\"https:\/\/sp3.mikolow.eu\/wp-content\/gallery\/ja-ty-my-emocje-i-relacje-w-klasie-z-teatrem-kamishibai-2026\/thumbs\/thumbs_Ja-Ty-My-emocje-i-relacje-w-klasie-z-Teatrem-Kamishibai-1.jpg\"\n               data-image-id=\"3107\"\n               data-title=\"Ja-Ty-My-emocje-i-relacje-w-klasie-z-Teatrem-Kamishibai-1\"\n               data-description=\"zdj\u0119cie ma charakter promocyjny, nie jest wykorzystywane do realizacji bie\u017c\u0105cych zada\u0144\"\n               data-image-slug=\"ja-ty-my-emocje-i-relacje-w-klasie-z-teatrem-kamishibai-1\"\n               class=\"ngg-simplelightbox\" rel=\"8ddb71dffbfdd7d8cb88df7266a87046\">\n                <img\n                    title=\"Ja-Ty-My-emocje-i-relacje-w-klasie-z-Teatrem-Kamishibai-1\"\n                    alt=\"Ja-Ty-My-emocje-i-relacje-w-klasie-z-Teatrem-Kamishibai-1\"\n                    src=\"https:\/\/sp3.mikolow.eu\/wp-content\/gallery\/ja-ty-my-emocje-i-relacje-w-klasie-z-teatrem-kamishibai-2026\/thumbs\/thumbs_Ja-Ty-My-emocje-i-relacje-w-klasie-z-Teatrem-Kamishibai-1.jpg\"\n                    width=\"240\"\n                    height=\"160\"\n                    style=\"max-width:100%;\"\n                \/>\n            <\/a>\n        <\/div>\n\t\t\t\t\t\t\t<\/div> \n\t\t\t\n\t\t\t\t<div id=\"ngg-image-1\" class=\"ngg-gallery-thumbnail-box \" >\n\t\t\t\t        <div class=\"ngg-gallery-thumbnail\">\n            <a href=\"https:\/\/sp3.mikolow.eu\/wp-content\/gallery\/ja-ty-my-emocje-i-relacje-w-klasie-z-teatrem-kamishibai-2026\/Ja-Ty-My-emocje-i-relacje-w-klasie-z-Teatrem-Kamishibai-3.jpg\"\n               title=\"zdj\u0119cie ma charakter promocyjny, nie jest wykorzystywane do realizacji bie\u017c\u0105cych zada\u0144\"\n               data-src=\"https:\/\/sp3.mikolow.eu\/wp-content\/gallery\/ja-ty-my-emocje-i-relacje-w-klasie-z-teatrem-kamishibai-2026\/Ja-Ty-My-emocje-i-relacje-w-klasie-z-Teatrem-Kamishibai-3.jpg\"\n               data-thumbnail=\"https:\/\/sp3.mikolow.eu\/wp-content\/gallery\/ja-ty-my-emocje-i-relacje-w-klasie-z-teatrem-kamishibai-2026\/thumbs\/thumbs_Ja-Ty-My-emocje-i-relacje-w-klasie-z-Teatrem-Kamishibai-3.jpg\"\n               data-image-id=\"3108\"\n               data-title=\"Ja-Ty-My-emocje-i-relacje-w-klasie-z-Teatrem-Kamishibai-3\"\n               data-description=\"zdj\u0119cie ma charakter promocyjny, nie jest wykorzystywane do realizacji bie\u017c\u0105cych zada\u0144\"\n               data-image-slug=\"ja-ty-my-emocje-i-relacje-w-klasie-z-teatrem-kamishibai-3\"\n               class=\"ngg-simplelightbox\" rel=\"8ddb71dffbfdd7d8cb88df7266a87046\">\n                <img\n                    title=\"Ja-Ty-My-emocje-i-relacje-w-klasie-z-Teatrem-Kamishibai-3\"\n                    alt=\"Ja-Ty-My-emocje-i-relacje-w-klasie-z-Teatrem-Kamishibai-3\"\n                    src=\"https:\/\/sp3.mikolow.eu\/wp-content\/gallery\/ja-ty-my-emocje-i-relacje-w-klasie-z-teatrem-kamishibai-2026\/thumbs\/thumbs_Ja-Ty-My-emocje-i-relacje-w-klasie-z-Teatrem-Kamishibai-3.jpg\"\n                    width=\"240\"\n                    height=\"160\"\n                    style=\"max-width:100%;\"\n                \/>\n            <\/a>\n        <\/div>\n\t\t\t\t\t\t\t<\/div> \n\t\t\t\n\t\t\t\t<div id=\"ngg-image-2\" class=\"ngg-gallery-thumbnail-box \" >\n\t\t\t\t        <div class=\"ngg-gallery-thumbnail\">\n            <a href=\"https:\/\/sp3.mikolow.eu\/wp-content\/gallery\/ja-ty-my-emocje-i-relacje-w-klasie-z-teatrem-kamishibai-2026\/Ja-Ty-My-emocje-i-relacje-w-klasie-z-Teatrem-Kamishibai-6.jpg\"\n               title=\"zdj\u0119cie ma charakter promocyjny, nie jest wykorzystywane do realizacji bie\u017c\u0105cych zada\u0144\"\n               data-src=\"https:\/\/sp3.mikolow.eu\/wp-content\/gallery\/ja-ty-my-emocje-i-relacje-w-klasie-z-teatrem-kamishibai-2026\/Ja-Ty-My-emocje-i-relacje-w-klasie-z-Teatrem-Kamishibai-6.jpg\"\n               data-thumbnail=\"https:\/\/sp3.mikolow.eu\/wp-content\/gallery\/ja-ty-my-emocje-i-relacje-w-klasie-z-teatrem-kamishibai-2026\/thumbs\/thumbs_Ja-Ty-My-emocje-i-relacje-w-klasie-z-Teatrem-Kamishibai-6.jpg\"\n               data-image-id=\"3109\"\n               data-title=\"Ja-Ty-My-emocje-i-relacje-w-klasie-z-Teatrem-Kamishibai-6\"\n               data-description=\"zdj\u0119cie ma charakter promocyjny, nie jest wykorzystywane do realizacji bie\u017c\u0105cych zada\u0144\"\n               data-image-slug=\"ja-ty-my-emocje-i-relacje-w-klasie-z-teatrem-kamishibai-6\"\n               class=\"ngg-simplelightbox\" rel=\"8ddb71dffbfdd7d8cb88df7266a87046\">\n                <img\n                    title=\"Ja-Ty-My-emocje-i-relacje-w-klasie-z-Teatrem-Kamishibai-6\"\n                    alt=\"Ja-Ty-My-emocje-i-relacje-w-klasie-z-Teatrem-Kamishibai-6\"\n                    src=\"https:\/\/sp3.mikolow.eu\/wp-content\/gallery\/ja-ty-my-emocje-i-relacje-w-klasie-z-teatrem-kamishibai-2026\/thumbs\/thumbs_Ja-Ty-My-emocje-i-relacje-w-klasie-z-Teatrem-Kamishibai-6.jpg\"\n                    width=\"240\"\n                    height=\"160\"\n                    style=\"max-width:100%;\"\n                \/>\n            <\/a>\n        <\/div>\n\t\t\t\t\t\t\t<\/div> \n\t\t\t\n\t\t\t\t<div id=\"ngg-image-3\" class=\"ngg-gallery-thumbnail-box \" >\n\t\t\t\t        <div class=\"ngg-gallery-thumbnail\">\n            <a href=\"https:\/\/sp3.mikolow.eu\/wp-content\/gallery\/ja-ty-my-emocje-i-relacje-w-klasie-z-teatrem-kamishibai-2026\/Ja-Ty-My-emocje-i-relacje-w-klasie-z-Teatrem-Kamishibai-4.jpg\"\n               title=\"zdj\u0119cie ma charakter promocyjny, nie jest wykorzystywane do realizacji bie\u017c\u0105cych zada\u0144\"\n               data-src=\"https:\/\/sp3.mikolow.eu\/wp-content\/gallery\/ja-ty-my-emocje-i-relacje-w-klasie-z-teatrem-kamishibai-2026\/Ja-Ty-My-emocje-i-relacje-w-klasie-z-Teatrem-Kamishibai-4.jpg\"\n               data-thumbnail=\"https:\/\/sp3.mikolow.eu\/wp-content\/gallery\/ja-ty-my-emocje-i-relacje-w-klasie-z-teatrem-kamishibai-2026\/thumbs\/thumbs_Ja-Ty-My-emocje-i-relacje-w-klasie-z-Teatrem-Kamishibai-4.jpg\"\n               data-image-id=\"3110\"\n               data-title=\"Ja-Ty-My-emocje-i-relacje-w-klasie-z-Teatrem-Kamishibai-4\"\n               data-description=\"zdj\u0119cie ma charakter promocyjny, nie jest wykorzystywane do realizacji bie\u017c\u0105cych zada\u0144\"\n               data-image-slug=\"ja-ty-my-emocje-i-relacje-w-klasie-z-teatrem-kamishibai-4\"\n               class=\"ngg-simplelightbox\" rel=\"8ddb71dffbfdd7d8cb88df7266a87046\">\n                <img\n                    title=\"Ja-Ty-My-emocje-i-relacje-w-klasie-z-Teatrem-Kamishibai-4\"\n                    alt=\"Ja-Ty-My-emocje-i-relacje-w-klasie-z-Teatrem-Kamishibai-4\"\n                    src=\"https:\/\/sp3.mikolow.eu\/wp-content\/gallery\/ja-ty-my-emocje-i-relacje-w-klasie-z-teatrem-kamishibai-2026\/thumbs\/thumbs_Ja-Ty-My-emocje-i-relacje-w-klasie-z-Teatrem-Kamishibai-4.jpg\"\n                    width=\"240\"\n                    height=\"160\"\n                    style=\"max-width:100%;\"\n                \/>\n            <\/a>\n        <\/div>\n\t\t\t\t\t\t\t<\/div> \n\t\t\t\n\t\t\t\t<div id=\"ngg-image-4\" class=\"ngg-gallery-thumbnail-box \" >\n\t\t\t\t        <div class=\"ngg-gallery-thumbnail\">\n            <a href=\"https:\/\/sp3.mikolow.eu\/wp-content\/gallery\/ja-ty-my-emocje-i-relacje-w-klasie-z-teatrem-kamishibai-2026\/Ja-Ty-My-emocje-i-relacje-w-klasie-z-Teatrem-Kamishibai-5.jpg\"\n               title=\"zdj\u0119cie ma charakter promocyjny, nie jest wykorzystywane do realizacji bie\u017c\u0105cych zada\u0144\"\n               data-src=\"https:\/\/sp3.mikolow.eu\/wp-content\/gallery\/ja-ty-my-emocje-i-relacje-w-klasie-z-teatrem-kamishibai-2026\/Ja-Ty-My-emocje-i-relacje-w-klasie-z-Teatrem-Kamishibai-5.jpg\"\n               data-thumbnail=\"https:\/\/sp3.mikolow.eu\/wp-content\/gallery\/ja-ty-my-emocje-i-relacje-w-klasie-z-teatrem-kamishibai-2026\/thumbs\/thumbs_Ja-Ty-My-emocje-i-relacje-w-klasie-z-Teatrem-Kamishibai-5.jpg\"\n               data-image-id=\"3111\"\n               data-title=\"Ja-Ty-My-emocje-i-relacje-w-klasie-z-Teatrem-Kamishibai-5\"\n               data-description=\"zdj\u0119cie ma charakter promocyjny, nie jest wykorzystywane do realizacji bie\u017c\u0105cych zada\u0144\"\n               data-image-slug=\"ja-ty-my-emocje-i-relacje-w-klasie-z-teatrem-kamishibai-5\"\n               class=\"ngg-simplelightbox\" rel=\"8ddb71dffbfdd7d8cb88df7266a87046\">\n                <img\n                    title=\"Ja-Ty-My-emocje-i-relacje-w-klasie-z-Teatrem-Kamishibai-5\"\n                    alt=\"Ja-Ty-My-emocje-i-relacje-w-klasie-z-Teatrem-Kamishibai-5\"\n                    src=\"https:\/\/sp3.mikolow.eu\/wp-content\/gallery\/ja-ty-my-emocje-i-relacje-w-klasie-z-teatrem-kamishibai-2026\/thumbs\/thumbs_Ja-Ty-My-emocje-i-relacje-w-klasie-z-Teatrem-Kamishibai-5.jpg\"\n                    width=\"240\"\n                    height=\"160\"\n                    style=\"max-width:100%;\"\n                \/>\n            <\/a>\n        <\/div>\n\t\t\t\t\t\t\t<\/div> \n\t\t\t\n\t\t\t\t<div id=\"ngg-image-5\" class=\"ngg-gallery-thumbnail-box \" >\n\t\t\t\t        <div class=\"ngg-gallery-thumbnail\">\n            <a href=\"https:\/\/sp3.mikolow.eu\/wp-content\/gallery\/ja-ty-my-emocje-i-relacje-w-klasie-z-teatrem-kamishibai-2026\/Ja-Ty-My-emocje-i-relacje-w-klasie-z-Teatrem-Kamishibai-2.jpg\"\n               title=\"zdj\u0119cie ma charakter promocyjny, nie jest wykorzystywane do realizacji bie\u017c\u0105cych zada\u0144\"\n               data-src=\"https:\/\/sp3.mikolow.eu\/wp-content\/gallery\/ja-ty-my-emocje-i-relacje-w-klasie-z-teatrem-kamishibai-2026\/Ja-Ty-My-emocje-i-relacje-w-klasie-z-Teatrem-Kamishibai-2.jpg\"\n               data-thumbnail=\"https:\/\/sp3.mikolow.eu\/wp-content\/gallery\/ja-ty-my-emocje-i-relacje-w-klasie-z-teatrem-kamishibai-2026\/thumbs\/thumbs_Ja-Ty-My-emocje-i-relacje-w-klasie-z-Teatrem-Kamishibai-2.jpg\"\n               data-image-id=\"3112\"\n               data-title=\"Ja-Ty-My-emocje-i-relacje-w-klasie-z-Teatrem-Kamishibai-2\"\n               data-description=\"zdj\u0119cie ma charakter promocyjny, nie jest wykorzystywane do realizacji bie\u017c\u0105cych zada\u0144\"\n               data-image-slug=\"ja-ty-my-emocje-i-relacje-w-klasie-z-teatrem-kamishibai-2\"\n               class=\"ngg-simplelightbox\" rel=\"8ddb71dffbfdd7d8cb88df7266a87046\">\n                <img\n                    title=\"Ja-Ty-My-emocje-i-relacje-w-klasie-z-Teatrem-Kamishibai-2\"\n                    alt=\"Ja-Ty-My-emocje-i-relacje-w-klasie-z-Teatrem-Kamishibai-2\"\n                    src=\"https:\/\/sp3.mikolow.eu\/wp-content\/gallery\/ja-ty-my-emocje-i-relacje-w-klasie-z-teatrem-kamishibai-2026\/thumbs\/thumbs_Ja-Ty-My-emocje-i-relacje-w-klasie-z-Teatrem-Kamishibai-2.jpg\"\n                    width=\"240\"\n                    height=\"160\"\n                    style=\"max-width:100%;\"\n                \/>\n            <\/a>\n        <\/div>\n\t\t\t\t\t\t\t<\/div> \n\t\t\t\n\t\t\t\t<div id=\"ngg-image-6\" class=\"ngg-gallery-thumbnail-box \" >\n\t\t\t\t        <div class=\"ngg-gallery-thumbnail\">\n            <a href=\"https:\/\/sp3.mikolow.eu\/wp-content\/gallery\/ja-ty-my-emocje-i-relacje-w-klasie-z-teatrem-kamishibai-2026\/Ja-Ty-My-emocje-i-relacje-w-klasie-z-Teatrem-Kamishibai-7.jpg\"\n               title=\"zdj\u0119cie ma charakter promocyjny, nie jest wykorzystywane do realizacji bie\u017c\u0105cych zada\u0144\"\n               data-src=\"https:\/\/sp3.mikolow.eu\/wp-content\/gallery\/ja-ty-my-emocje-i-relacje-w-klasie-z-teatrem-kamishibai-2026\/Ja-Ty-My-emocje-i-relacje-w-klasie-z-Teatrem-Kamishibai-7.jpg\"\n               data-thumbnail=\"https:\/\/sp3.mikolow.eu\/wp-content\/gallery\/ja-ty-my-emocje-i-relacje-w-klasie-z-teatrem-kamishibai-2026\/thumbs\/thumbs_Ja-Ty-My-emocje-i-relacje-w-klasie-z-Teatrem-Kamishibai-7.jpg\"\n               data-image-id=\"3113\"\n               data-title=\"Ja-Ty-My-emocje-i-relacje-w-klasie-z-Teatrem-Kamishibai-7\"\n               data-description=\"zdj\u0119cie ma charakter promocyjny, nie jest wykorzystywane do realizacji bie\u017c\u0105cych zada\u0144\"\n               data-image-slug=\"ja-ty-my-emocje-i-relacje-w-klasie-z-teatrem-kamishibai-7\"\n               class=\"ngg-simplelightbox\" rel=\"8ddb71dffbfdd7d8cb88df7266a87046\">\n                <img\n                    title=\"Ja-Ty-My-emocje-i-relacje-w-klasie-z-Teatrem-Kamishibai-7\"\n                    alt=\"Ja-Ty-My-emocje-i-relacje-w-klasie-z-Teatrem-Kamishibai-7\"\n                    src=\"https:\/\/sp3.mikolow.eu\/wp-content\/gallery\/ja-ty-my-emocje-i-relacje-w-klasie-z-teatrem-kamishibai-2026\/thumbs\/thumbs_Ja-Ty-My-emocje-i-relacje-w-klasie-z-Teatrem-Kamishibai-7.jpg\"\n                    width=\"240\"\n                    height=\"160\"\n                    style=\"max-width:100%;\"\n                \/>\n            <\/a>\n        <\/div>\n\t\t\t\t\t\t\t<\/div> \n\t\t\t\n\t\t\t\t<div id=\"ngg-image-7\" class=\"ngg-gallery-thumbnail-box \" >\n\t\t\t\t        <div class=\"ngg-gallery-thumbnail\">\n            <a href=\"https:\/\/sp3.mikolow.eu\/wp-content\/gallery\/ja-ty-my-emocje-i-relacje-w-klasie-z-teatrem-kamishibai-2026\/Ja-Ty-My-emocje-i-relacje-w-klasie-z-Teatrem-Kamishibai-8.jpg\"\n               title=\"zdj\u0119cie ma charakter promocyjny, nie jest wykorzystywane do realizacji bie\u017c\u0105cych zada\u0144\"\n               data-src=\"https:\/\/sp3.mikolow.eu\/wp-content\/gallery\/ja-ty-my-emocje-i-relacje-w-klasie-z-teatrem-kamishibai-2026\/Ja-Ty-My-emocje-i-relacje-w-klasie-z-Teatrem-Kamishibai-8.jpg\"\n               data-thumbnail=\"https:\/\/sp3.mikolow.eu\/wp-content\/gallery\/ja-ty-my-emocje-i-relacje-w-klasie-z-teatrem-kamishibai-2026\/thumbs\/thumbs_Ja-Ty-My-emocje-i-relacje-w-klasie-z-Teatrem-Kamishibai-8.jpg\"\n               data-image-id=\"3114\"\n               data-title=\"Ja-Ty-My-emocje-i-relacje-w-klasie-z-Teatrem-Kamishibai-8\"\n               data-description=\"zdj\u0119cie ma charakter promocyjny, nie jest wykorzystywane do realizacji bie\u017c\u0105cych zada\u0144\"\n               data-image-slug=\"ja-ty-my-emocje-i-relacje-w-klasie-z-teatrem-kamishibai-8\"\n               class=\"ngg-simplelightbox\" rel=\"8ddb71dffbfdd7d8cb88df7266a87046\">\n                <img\n                    title=\"Ja-Ty-My-emocje-i-relacje-w-klasie-z-Teatrem-Kamishibai-8\"\n                    alt=\"Ja-Ty-My-emocje-i-relacje-w-klasie-z-Teatrem-Kamishibai-8\"\n                    src=\"https:\/\/sp3.mikolow.eu\/wp-content\/gallery\/ja-ty-my-emocje-i-relacje-w-klasie-z-teatrem-kamishibai-2026\/thumbs\/thumbs_Ja-Ty-My-emocje-i-relacje-w-klasie-z-Teatrem-Kamishibai-8.jpg\"\n                    width=\"240\"\n                    height=\"160\"\n                    style=\"max-width:100%;\"\n                \/>\n            <\/a>\n        <\/div>\n\t\t\t\t\t\t\t<\/div> \n\t\t\t\n\t\t\t\t<div id=\"ngg-image-8\" class=\"ngg-gallery-thumbnail-box \" >\n\t\t\t\t        <div class=\"ngg-gallery-thumbnail\">\n            <a href=\"https:\/\/sp3.mikolow.eu\/wp-content\/gallery\/ja-ty-my-emocje-i-relacje-w-klasie-z-teatrem-kamishibai-2026\/Ja-Ty-My-emocje-i-relacje-w-klasie-z-Teatrem-Kamishibai-9.jpg\"\n               title=\"zdj\u0119cie ma charakter promocyjny, nie jest wykorzystywane do realizacji bie\u017c\u0105cych zada\u0144\"\n               data-src=\"https:\/\/sp3.mikolow.eu\/wp-content\/gallery\/ja-ty-my-emocje-i-relacje-w-klasie-z-teatrem-kamishibai-2026\/Ja-Ty-My-emocje-i-relacje-w-klasie-z-Teatrem-Kamishibai-9.jpg\"\n               data-thumbnail=\"https:\/\/sp3.mikolow.eu\/wp-content\/gallery\/ja-ty-my-emocje-i-relacje-w-klasie-z-teatrem-kamishibai-2026\/thumbs\/thumbs_Ja-Ty-My-emocje-i-relacje-w-klasie-z-Teatrem-Kamishibai-9.jpg\"\n               data-image-id=\"3115\"\n               data-title=\"Ja-Ty-My-emocje-i-relacje-w-klasie-z-Teatrem-Kamishibai-9\"\n               data-description=\"zdj\u0119cie ma charakter promocyjny, nie jest wykorzystywane do realizacji bie\u017c\u0105cych zada\u0144\"\n               data-image-slug=\"ja-ty-my-emocje-i-relacje-w-klasie-z-teatrem-kamishibai-9\"\n               class=\"ngg-simplelightbox\" rel=\"8ddb71dffbfdd7d8cb88df7266a87046\">\n                <img\n                    title=\"Ja-Ty-My-emocje-i-relacje-w-klasie-z-Teatrem-Kamishibai-9\"\n                    alt=\"Ja-Ty-My-emocje-i-relacje-w-klasie-z-Teatrem-Kamishibai-9\"\n                    src=\"https:\/\/sp3.mikolow.eu\/wp-content\/gallery\/ja-ty-my-emocje-i-relacje-w-klasie-z-teatrem-kamishibai-2026\/thumbs\/thumbs_Ja-Ty-My-emocje-i-relacje-w-klasie-z-Teatrem-Kamishibai-9.jpg\"\n                    width=\"240\"\n                    height=\"160\"\n                    style=\"max-width:100%;\"\n                \/>\n            <\/a>\n        <\/div>\n\t\t\t\t\t\t\t<\/div> \n\t\t\t\n\t\n\t<br style=\"clear: both\" \/>\n\n\t\n\t\t<!-- Pagination -->\n\t<div class='ngg-clear'><\/div>\t<\/div>\n<\/div>\n","protected":false},"excerpt":{"rendered":"<p>Uczniowie klasy 2a bior\u0105 udzia\u0142 w programie &#8222;Ja, Ty, My &#8211; emocje i relacje w klasie z Teatrem Kamishibai&#8221;. Dzi\u0119ki spotkaniu z tradycyjnym japo\u0144skim teatrem obrazkowym dzieci doskonal\u0105 kompetencje emocjonalne, rozwijaj\u0105 wyobra\u017ani\u0119, ucz\u0105 si\u0119 empatii oraz zgodnej wsp\u00f3\u0142pracy Bajki i opowie\u015bci pozwalaj\u0105 uczniom lepiej zrozumie\u0107 samego siebie i otaczaj\u0105cy \u015bwiat, [&hellip;]<\/p>\n","protected":false},"author":2,"featured_media":11632,"comment_status":"open","ping_status":"open","sticky":false,"template":"","format":"standard","meta":{"ngg_post_thumbnail":0},"categories":[33],"tags":[],"_links":{"self":[{"href":"https:\/\/sp3.mikolow.eu\/index.php\/wp-json\/wp\/v2\/posts\/11631"}],"collection":[{"href":"https:\/\/sp3.mikolow.eu\/index.php\/wp-json\/wp\/v2\/posts"}],"about":[{"href":"https:\/\/sp3.mikolow.eu\/index.php\/wp-json\/wp\/v2\/types\/post"}],"author":[{"embeddable":true,"href":"https:\/\/sp3.mikolow.eu\/index.php\/wp-json\/wp\/v2\/users\/2"}],"replies":[{"embeddable":true,"href":"https:\/\/sp3.mikolow.eu\/index.php\/wp-json\/wp\/v2\/comments?post=11631"}],"version-history":[{"count":1,"href":"https:\/\/sp3.mikolow.eu\/index.php\/wp-json\/wp\/v2\/posts\/11631\/revisions"}],"predecessor-version":[{"id":11633,"href":"https:\/\/sp3.mikolow.eu\/index.php\/wp-json\/wp\/v2\/posts\/11631\/revisions\/11633"}],"wp:featuredmedia":[{"embeddable":true,"href":"https:\/\/sp3.mikolow.eu\/index.php\/wp-json\/wp\/v2\/media\/11632"}],"wp:attachment":[{"href":"https:\/\/sp3.mikolow.eu\/index.php\/wp-json\/wp\/v2\/media?parent=11631"}],"wp:term":[{"taxonomy":"category","embeddable":true,"href":"https:\/\/sp3.mikolow.eu\/index.php\/wp-json\/wp\/v2\/categories?post=11631"},{"taxonomy":"post_tag","embeddable":true,"href":"https:\/\/sp3.mikolow.eu\/index.php\/wp-json\/wp\/v2\/tags?post=11631"}],"curies":[{"name":"wp","href":"https:\/\/api.w.org\/{rel}","templated":true}]}}